{"id":352,"date":"2022-08-01T05:57:23","date_gmt":"2022-08-01T03:57:23","guid":{"rendered":"https:\/\/manatai.malo.wf\/?p=352"},"modified":"2023-08-08T07:28:58","modified_gmt":"2023-08-08T05:28:58","slug":"orane-ceris-championne-de-wingfoil-sera-au-depart-de-la-manatai-elle-est-impatiente-et-nous-donne-sa-vision-du-monde-de-la-glisse","status":"publish","type":"post","link":"https:\/\/manatai.malo.wf\/index.php\/2022\/08\/01\/orane-ceris-championne-de-wingfoil-sera-au-depart-de-la-manatai-elle-est-impatiente-et-nous-donne-sa-vision-du-monde-de-la-glisse\/","title":{"rendered":"Orane Ceris, championne de Wingfoil sera au d\u00e9part de la Manatai, elle est impatiente et nous donne sa vision du monde de la glisse.\u00a0"},"content":{"rendered":"\n<p><em>Bonjour Orane, est-ce que tu es d\u00e9j\u00e0 venue \u00e0 Wallis ?&nbsp;<\/em><\/p>\n\n\n\n<p>Non, pourtant j&rsquo;habite en Nouvelle-Cal\u00e9donie depuis 4 ans. C&rsquo;\u00e9tait en projet et puis le Covid est pass\u00e9 par l\u00e0&#8230; C&rsquo;est l&rsquo;occasion r\u00eav\u00e9e de d\u00e9couvrir un nouveau spot !&nbsp;<\/p>\n\n\n\n<p><em>Comment on passe de championne de gymnastique \u00e0 championne de wingfoil ?&nbsp;<\/em><\/p>\n\n\n\n<p>J&rsquo;ai grandi \u00e0 Marseille face \u00e0 la mer. Je voyais les voiles dans l&rsquo;eau tous les jours et \u00e7&rsquo;est s\u00fbr que \u00e7a faisait r\u00eaver, mais mon quotidien c&rsquo;\u00e9tait le gymnase. Quand je suis arriv\u00e9e en tant qu&rsquo;entraineur \u00e0 Noum\u00e9a tout le monde faisait un sport nautique et puis j&rsquo;ai rencontr\u00e9 les riders \u00e0 Anse Vata et forc\u00e9ment \u00e7a donne envie, alors je me suis jet\u00e9e \u00e0 l&rsquo;eau.&nbsp;<\/p>\n\n\n\n<figure class=\"wp-block-gallery has-nested-images columns-default is-cropped wp-block-gallery-1 is-layout-flex wp-block-gallery-is-layout-flex\">\n<figure class=\"wp-block-image size-large\"><img loading=\"lazy\" decoding=\"async\" width=\"1000\" height=\"667\" data-id=\"350\" src=\"https:\/\/manatai.malo.wf\/wp-content\/uploads\/2022\/08\/oriane_ceris3.jpg\" alt=\"\" class=\"wp-image-350\" srcset=\"https:\/\/manatai.malo.wf\/wp-content\/uploads\/2022\/08\/oriane_ceris3.jpg 1000w, https:\/\/manatai.malo.wf\/wp-content\/uploads\/2022\/08\/oriane_ceris3-300x200.jpg 300w, https:\/\/manatai.malo.wf\/wp-content\/uploads\/2022\/08\/oriane_ceris3-768x512.jpg 768w\" sizes=\"auto, (max-width: 709px) 85vw, (max-width: 909px) 67vw, (max-width: 1362px) 62vw, 840px\" \/><\/figure>\n\n\n\n<figure class=\"wp-block-image size-large\"><img loading=\"lazy\" decoding=\"async\" width=\"1000\" height=\"1000\" data-id=\"349\" src=\"https:\/\/manatai.malo.wf\/wp-content\/uploads\/2022\/08\/oriane_ceris2.jpg\" alt=\"\" class=\"wp-image-349\" srcset=\"https:\/\/manatai.malo.wf\/wp-content\/uploads\/2022\/08\/oriane_ceris2.jpg 1000w, https:\/\/manatai.malo.wf\/wp-content\/uploads\/2022\/08\/oriane_ceris2-300x300.jpg 300w, https:\/\/manatai.malo.wf\/wp-content\/uploads\/2022\/08\/oriane_ceris2-150x150.jpg 150w, https:\/\/manatai.malo.wf\/wp-content\/uploads\/2022\/08\/oriane_ceris2-768x768.jpg 768w\" sizes=\"auto, (max-width: 709px) 85vw, (max-width: 909px) 67vw, (max-width: 1362px) 62vw, 840px\" \/><\/figure>\n<\/figure>\n\n\n\n<p>Pourquoi le Wingfoil ?&nbsp;<\/p>\n\n\n\n<p>J&rsquo;ai commenc\u00e9 le Kite et rapidement j&rsquo;ai eu envie de me mettre au Wingfoil, sauf que j&rsquo;ai gal\u00e8r\u00e9 pendant 3 mois ! Je pensais m\u00eame arr\u00eater et que \u00e7a n&rsquo;\u00e9tait pas fait pour moi, au fond la glisse, le vent ce n&rsquo;\u00e9tait pas mon univers et j&rsquo;avais tout \u00e0 apprendre&#8230; et puis un jour c&rsquo;est le d\u00e9clic, si bien qu&rsquo;encourag\u00e9e par les autres riders je me suis lanc\u00e9e sur le circuit.&nbsp;<\/p>\n\n\n\n<p><em>Quel conseil tu donnerais aux jeunes qui veulent se mettre au Wingfoil ? La pers\u00e9v\u00e9rance ?&nbsp;<\/em><\/p>\n\n\n\n<p>Oui et non&#8230; bien s\u00fbr il fait se mettre \u00e0 l&rsquo;eau et s&rsquo;entra\u00eener, mais surtout il faut s&rsquo;\u00e9couter et prendre du plaisir ! L&rsquo;an dernier j&rsquo;ai eu un passage \u00e0 vide, je n&rsquo;avais plus envie de me mettre \u00e0 l&rsquo;eau, alors j&rsquo;ai fait une pause. Jusqu&rsquo;\u00e0 ce que l&rsquo;envie revienne et que je me dise &nbsp;\u00ab\u00a0il faut absolument que j&rsquo;y retourne\u00a0\u00bb et l\u00e0 je prends beaucoup de plaisir !&nbsp;<\/p>\n\n\n\n<p><em>Comment donner envie aux jeunes de se mettre \u00e0 leur tour \u00e0 rider ?&nbsp;<\/em><\/p>\n\n\n\n<p>C&rsquo;est facile, il faut du monde dans l&rsquo;eau ! Quand tu vois les voiles, les riders encha\u00eener des sauts et l&rsquo;ambiance sur les spots, tu te dis \u00ab\u00a0pourquoi pas moi ?\u00a0\u00bb, tu as vraiment envie de faire partie de cette communaut\u00e9.&nbsp;<\/p>\n\n\n\n<p><em>Tu as un mod\u00e8le ?&nbsp;<\/em><\/p>\n\n\n\n<p>Non pas du tout, mon univers \u00e0 moi c&rsquo;\u00e9tait la gymnastique. Je n&rsquo;avais jamais eu le temps de r\u00eaver de glisse ! Aujourd&rsquo;hui encore c&rsquo;est le plaisir qui me motive, pour moi c&rsquo;est un sport passion.&nbsp;<\/p>\n\n\n\n<p><em>Tu as un spot pr\u00e9f\u00e9r\u00e9 ?&nbsp;<\/em><\/p>\n\n\n\n<p>Aie, je suis oblig\u00e9e d&rsquo;avouer que c&rsquo;est le Br\u00e9sil ! M\u00eame si rien ne remplacera pour moi l&rsquo;ambiance qui r\u00e8gne \u00e0 Anse Vata avec toute la team. Apr\u00e8s je ne connais pas encore Wallis, qui sait&#8230;<\/p>\n","protected":false},"excerpt":{"rendered":"<p>Bonjour Orane, est-ce que tu es d\u00e9j\u00e0 venue \u00e0 Wallis ?&nbsp; Non, pourtant j&rsquo;habite en Nouvelle-Cal\u00e9donie depuis 4 ans. C&rsquo;\u00e9tait en projet et puis le Covid est pass\u00e9 par l\u00e0&#8230; C&rsquo;est l&rsquo;occasion r\u00eav\u00e9e de d\u00e9couvrir un nouveau spot !&nbsp; Comment on passe de championne de gymnastique \u00e0 championne de wingfoil ?&nbsp; J&rsquo;ai grandi \u00e0 Marseille &hellip; <a href=\"https:\/\/manatai.malo.wf\/index.php\/2022\/08\/01\/orane-ceris-championne-de-wingfoil-sera-au-depart-de-la-manatai-elle-est-impatiente-et-nous-donne-sa-vision-du-monde-de-la-glisse\/\" class=\"more-link\">Continuer la lecture<span class=\"screen-reader-text\"> de &laquo;&nbsp;Orane Ceris, championne de Wingfoil sera au d\u00e9part de la Manatai, elle est impatiente et nous donne sa vision du monde de la glisse.\u00a0&nbsp;&raquo;<\/span><\/a><\/p>\n","protected":false},"author":1,"featured_media":351,"comment_status":"closed","ping_status":"open","sticky":false,"template":"","format":"standard","meta":{"footnotes":""},"categories":[19],"tags":[],"class_list":["post-352","post","type-post","status-publish","format-standard","has-post-thumbnail","hentry","category-portrait"],"_links":{"self":[{"href":"https:\/\/manatai.malo.wf\/index.php\/wp-json\/wp\/v2\/posts\/352","targetHints":{"allow":["GET"]}}],"collection":[{"href":"https:\/\/manatai.malo.wf\/index.php\/wp-json\/wp\/v2\/posts"}],"about":[{"href":"https:\/\/manatai.malo.wf\/index.php\/wp-json\/wp\/v2\/types\/post"}],"author":[{"embeddable":true,"href":"https:\/\/manatai.malo.wf\/index.php\/wp-json\/wp\/v2\/users\/1"}],"replies":[{"embeddable":true,"href":"https:\/\/manatai.malo.wf\/index.php\/wp-json\/wp\/v2\/comments?post=352"}],"version-history":[{"count":3,"href":"https:\/\/manatai.malo.wf\/index.php\/wp-json\/wp\/v2\/posts\/352\/revisions"}],"predecessor-version":[{"id":362,"href":"https:\/\/manatai.malo.wf\/index.php\/wp-json\/wp\/v2\/posts\/352\/revisions\/362"}],"wp:featuredmedia":[{"embeddable":true,"href":"https:\/\/manatai.malo.wf\/index.php\/wp-json\/wp\/v2\/media\/351"}],"wp:attachment":[{"href":"https:\/\/manatai.malo.wf\/index.php\/wp-json\/wp\/v2\/media?parent=352"}],"wp:term":[{"taxonomy":"category","embeddable":true,"href":"https:\/\/manatai.malo.wf\/index.php\/wp-json\/wp\/v2\/categories?post=352"},{"taxonomy":"post_tag","embeddable":true,"href":"https:\/\/manatai.malo.wf\/index.php\/wp-json\/wp\/v2\/tags?post=352"}],"curies":[{"name":"wp","href":"https:\/\/api.w.org\/{rel}","templated":true}]}}