{"id":423,"date":"2022-08-10T23:00:00","date_gmt":"2022-08-10T21:00:00","guid":{"rendered":"https:\/\/manatai.malo.wf\/?p=423"},"modified":"2023-08-08T07:28:17","modified_gmt":"2023-08-08T05:28:17","slug":"wallis-est-prete-a-accueillir-la-manatai","status":"publish","type":"post","link":"https:\/\/manatai.malo.wf\/index.php\/2022\/08\/10\/wallis-est-prete-a-accueillir-la-manatai\/","title":{"rendered":"Wallis est pr\u00eate \u00e0 accueillir la Manatai"},"content":{"rendered":"\n<p>J-3, apr\u00e8s une version 2020 \u00e0 huis-clos, Wallis \u00e0 h\u00e2te d&rsquo;accueillir les comp\u00e9titeurs venus d&rsquo;ailleurs et de faire d\u00e9couvrir son \u00eele et son lagon.&nbsp;<\/p>\n\n\n\n<p>Depuis de nombreuses semaines, les b\u00e9n\u00e9voles mais aussi les services de l&rsquo;Etat et du Territoire travaillent afin d&rsquo;offrir un \u00e9v\u00e8nement qui restera dans les m\u00e9moires.<\/p>\n\n\n\n<p>C\u00f4t\u00e9 s\u00e9curit\u00e9, rien n&rsquo;a \u00e9t\u00e9 laiss\u00e9 aux hasard. Ce mardi s&rsquo;est tenue la derni\u00e8re r\u00e9union pl\u00e9ni\u00e8re avec l&rsquo;ensemble des acteurs, une v\u00e9ritable \u00ab\u00a0r\u00e9p\u00e9tition g\u00e9n\u00e9rale\u00a0\u00bb, au cours de laquelle les r\u00f4les de chacun ont \u00e9t\u00e9 pass\u00e9s en revue.<\/p>\n\n\n\n<p>Pour chacune des \u00e9preuves les protocoles \u00e9tablis permettent d&rsquo;assurer la s\u00e9curit\u00e9 sur terre et sur mer, et ce, dans le respect des r\u00e8glements de chaque sport.<\/p>\n\n\n\n<p>Le comit\u00e9 de la Manatai a pu pleinement compter sur la mobilisation et l&rsquo;accompagnement de l&rsquo;Etat et du Territoire, aux c\u00f4t\u00e9s des professionnels de la p\u00eache et des b\u00e9n\u00e9voles.<\/p>\n\n\n\n<p>En ce qui concerne l&rsquo;organisation de la comp\u00e9tition, le programme d\u00e9taill\u00e9 \u00e9t\u00e9 calibr\u00e9 afin que les comp\u00e9titeurs des nombreuses disciplines puissent profiter pleinement de leur session mais \u00e9galement d\u00e9couvrir Wallis et aller \u00e0 la rencontre du public.&nbsp;<\/p>\n\n\n\n<p>Une belle semaine en perspective.<\/p>\n\n\n\n<figure class=\"wp-block-gallery has-nested-images columns-default is-cropped wp-block-gallery-1 is-layout-flex wp-block-gallery-is-layout-flex\">\n<figure class=\"wp-block-image size-large\"><img loading=\"lazy\" decoding=\"async\" width=\"800\" height=\"533\" data-id=\"429\" src=\"https:\/\/manatai.malo.wf\/wp-content\/uploads\/2022\/08\/image5.jpeg\" alt=\"\" class=\"wp-image-429\" srcset=\"https:\/\/manatai.malo.wf\/wp-content\/uploads\/2022\/08\/image5.jpeg 800w, https:\/\/manatai.malo.wf\/wp-content\/uploads\/2022\/08\/image5-300x200.jpeg 300w, https:\/\/manatai.malo.wf\/wp-content\/uploads\/2022\/08\/image5-768x512.jpeg 768w\" sizes=\"auto, (max-width: 709px) 85vw, (max-width: 909px) 67vw, (max-width: 984px) 61vw, (max-width: 1362px) 45vw, 600px\" \/><\/figure>\n\n\n\n<figure class=\"wp-block-image size-large\"><img loading=\"lazy\" decoding=\"async\" width=\"1915\" height=\"1277\" data-id=\"237\" src=\"https:\/\/manatai.malo.wf\/wp-content\/uploads\/2022\/06\/MG_0012.jpg\" alt=\"\" class=\"wp-image-237\" srcset=\"https:\/\/manatai.malo.wf\/wp-content\/uploads\/2022\/06\/MG_0012.jpg 1915w, https:\/\/manatai.malo.wf\/wp-content\/uploads\/2022\/06\/MG_0012-300x200.jpg 300w, https:\/\/manatai.malo.wf\/wp-content\/uploads\/2022\/06\/MG_0012-1024x683.jpg 1024w, https:\/\/manatai.malo.wf\/wp-content\/uploads\/2022\/06\/MG_0012-768x512.jpg 768w, https:\/\/manatai.malo.wf\/wp-content\/uploads\/2022\/06\/MG_0012-1536x1024.jpg 1536w, https:\/\/manatai.malo.wf\/wp-content\/uploads\/2022\/06\/MG_0012-1200x800.jpg 1200w\" sizes=\"auto, (max-width: 709px) 85vw, (max-width: 909px) 67vw, (max-width: 1362px) 62vw, 840px\" \/><\/figure>\n\n\n\n<figure class=\"wp-block-image size-large\"><img loading=\"lazy\" decoding=\"async\" width=\"2183\" height=\"1455\" data-id=\"235\" src=\"https:\/\/manatai.malo.wf\/wp-content\/uploads\/2022\/06\/MG_0018.jpg\" alt=\"\" class=\"wp-image-235\" srcset=\"https:\/\/manatai.malo.wf\/wp-content\/uploads\/2022\/06\/MG_0018.jpg 2183w, https:\/\/manatai.malo.wf\/wp-content\/uploads\/2022\/06\/MG_0018-300x200.jpg 300w, https:\/\/manatai.malo.wf\/wp-content\/uploads\/2022\/06\/MG_0018-1024x683.jpg 1024w, https:\/\/manatai.malo.wf\/wp-content\/uploads\/2022\/06\/MG_0018-768x512.jpg 768w, https:\/\/manatai.malo.wf\/wp-content\/uploads\/2022\/06\/MG_0018-1536x1024.jpg 1536w, https:\/\/manatai.malo.wf\/wp-content\/uploads\/2022\/06\/MG_0018-2048x1365.jpg 2048w, https:\/\/manatai.malo.wf\/wp-content\/uploads\/2022\/06\/MG_0018-1200x800.jpg 1200w\" sizes=\"auto, (max-width: 709px) 85vw, (max-width: 909px) 67vw, (max-width: 1362px) 62vw, 840px\" \/><\/figure>\n<\/figure>\n","protected":false},"excerpt":{"rendered":"<p>J-3, apr\u00e8s une version 2020 \u00e0 huis-clos, Wallis \u00e0 h\u00e2te d&rsquo;accueillir les comp\u00e9titeurs venus d&rsquo;ailleurs et de faire d\u00e9couvrir son \u00eele et son lagon.&nbsp; Depuis de nombreuses semaines, les b\u00e9n\u00e9voles mais aussi les services de l&rsquo;Etat et du Territoire travaillent afin d&rsquo;offrir un \u00e9v\u00e8nement qui restera dans les m\u00e9moires. C\u00f4t\u00e9 s\u00e9curit\u00e9, rien n&rsquo;a \u00e9t\u00e9 laiss\u00e9 &hellip; <a href=\"https:\/\/manatai.malo.wf\/index.php\/2022\/08\/10\/wallis-est-prete-a-accueillir-la-manatai\/\" class=\"more-link\">Continuer la lecture<span class=\"screen-reader-text\"> de &laquo;&nbsp;Wallis est pr\u00eate \u00e0 accueillir la Manatai&nbsp;&raquo;<\/span><\/a><\/p>\n","protected":false},"author":1,"featured_media":428,"comment_status":"closed","ping_status":"open","sticky":false,"template":"","format":"standard","meta":{"footnotes":""},"categories":[21],"tags":[],"class_list":["post-423","post","type-post","status-publish","format-standard","has-post-thumbnail","hentry","category-events"],"_links":{"self":[{"href":"https:\/\/manatai.malo.wf\/index.php\/wp-json\/wp\/v2\/posts\/423","targetHints":{"allow":["GET"]}}],"collection":[{"href":"https:\/\/manatai.malo.wf\/index.php\/wp-json\/wp\/v2\/posts"}],"about":[{"href":"https:\/\/manatai.malo.wf\/index.php\/wp-json\/wp\/v2\/types\/post"}],"author":[{"embeddable":true,"href":"https:\/\/manatai.malo.wf\/index.php\/wp-json\/wp\/v2\/users\/1"}],"replies":[{"embeddable":true,"href":"https:\/\/manatai.malo.wf\/index.php\/wp-json\/wp\/v2\/comments?post=423"}],"version-history":[{"count":2,"href":"https:\/\/manatai.malo.wf\/index.php\/wp-json\/wp\/v2\/posts\/423\/revisions"}],"predecessor-version":[{"id":430,"href":"https:\/\/manatai.malo.wf\/index.php\/wp-json\/wp\/v2\/posts\/423\/revisions\/430"}],"wp:featuredmedia":[{"embeddable":true,"href":"https:\/\/manatai.malo.wf\/index.php\/wp-json\/wp\/v2\/media\/428"}],"wp:attachment":[{"href":"https:\/\/manatai.malo.wf\/index.php\/wp-json\/wp\/v2\/media?parent=423"}],"wp:term":[{"taxonomy":"category","embeddable":true,"href":"https:\/\/manatai.malo.wf\/index.php\/wp-json\/wp\/v2\/categories?post=423"},{"taxonomy":"post_tag","embeddable":true,"href":"https:\/\/manatai.malo.wf\/index.php\/wp-json\/wp\/v2\/tags?post=423"}],"curies":[{"name":"wp","href":"https:\/\/api.w.org\/{rel}","templated":true}]}}