{"id":618,"date":"2023-07-03T04:07:29","date_gmt":"2023-07-03T02:07:29","guid":{"rendered":"https:\/\/manatai.malo.wf\/?p=618"},"modified":"2023-08-08T07:28:09","modified_gmt":"2023-08-08T05:28:09","slug":"les-evenements-a-venir-2023","status":"publish","type":"post","link":"https:\/\/manatai.malo.wf\/index.php\/2023\/07\/03\/les-evenements-a-venir-2023\/","title":{"rendered":"Les \u00e9v\u00e8nements \u00e0 venir &#8211; 2023"},"content":{"rendered":"\n<h2 class=\"wp-block-heading\">Soir\u00e9e du 14 juillet<\/h2>\n\n\n\n<p>La AIRCALIN Manatai organise sa soir\u00e9e de <strong>lev\u00e9e de fond<\/strong> le 14 juillet 2023 pr\u00e8s de Vakala. <\/p>\n\n\n\n<div class=\"wp-block-group\"><div class=\"wp-block-group__inner-container is-layout-constrained wp-block-group-is-layout-constrained\">\n<div class=\"wp-block-group\"><div class=\"wp-block-group__inner-container is-layout-constrained wp-block-group-is-layout-constrained\">\n<p>Au programme: Pr\u00e9sentation.<\/p>\n\n\n\n<p><\/p>\n<\/div><\/div>\n\n\n\n<p>Pr\u00e9sentation de la Manatai 2023<\/p>\n<\/div><\/div>\n\n\n\n<p>L&rsquo;objectif est de g\u00e9n\u00e9rer l&rsquo;engouement 2023 et recruter des b\u00e9n\u00e9voles pour l&rsquo;\u00e9v\u00e8nement du 11 au 18 ao\u00fbt.<\/p>\n\n\n\n<p>Pour les amateurs de bi\u00e8re en pression, votre souhait se r\u00e9alise!<\/p>\n\n\n\n<p>Venez vous restaurer et faire la f\u00eate avec l&rsquo;\u00e9quipe AIRCALIN Manatai<\/p>\n","protected":false},"excerpt":{"rendered":"<p>Soir\u00e9e du 14 juillet La AIRCALIN Manatai organise sa soir\u00e9e de lev\u00e9e de fond le 14 juillet 2023 pr\u00e8s de Vakala. Au programme: Pr\u00e9sentation. Pr\u00e9sentation de la Manatai 2023 L&rsquo;objectif est de g\u00e9n\u00e9rer l&rsquo;engouement 2023 et recruter des b\u00e9n\u00e9voles pour l&rsquo;\u00e9v\u00e8nement du 11 au 18 ao\u00fbt. Pour les amateurs de bi\u00e8re en pression, votre souhait &hellip; <a href=\"https:\/\/manatai.malo.wf\/index.php\/2023\/07\/03\/les-evenements-a-venir-2023\/\" class=\"more-link\">Continuer la lecture<span class=\"screen-reader-text\"> de &laquo;&nbsp;Les \u00e9v\u00e8nements \u00e0 venir &#8211; 2023&nbsp;&raquo;<\/span><\/a><\/p>\n","protected":false},"author":1,"featured_media":0,"comment_status":"closed","ping_status":"open","sticky":false,"template":"","format":"standard","meta":{"footnotes":""},"categories":[21],"tags":[],"class_list":["post-618","post","type-post","status-publish","format-standard","hentry","category-events"],"_links":{"self":[{"href":"https:\/\/manatai.malo.wf\/index.php\/wp-json\/wp\/v2\/posts\/618","targetHints":{"allow":["GET"]}}],"collection":[{"href":"https:\/\/manatai.malo.wf\/index.php\/wp-json\/wp\/v2\/posts"}],"about":[{"href":"https:\/\/manatai.malo.wf\/index.php\/wp-json\/wp\/v2\/types\/post"}],"author":[{"embeddable":true,"href":"https:\/\/manatai.malo.wf\/index.php\/wp-json\/wp\/v2\/users\/1"}],"replies":[{"embeddable":true,"href":"https:\/\/manatai.malo.wf\/index.php\/wp-json\/wp\/v2\/comments?post=618"}],"version-history":[{"count":1,"href":"https:\/\/manatai.malo.wf\/index.php\/wp-json\/wp\/v2\/posts\/618\/revisions"}],"predecessor-version":[{"id":619,"href":"https:\/\/manatai.malo.wf\/index.php\/wp-json\/wp\/v2\/posts\/618\/revisions\/619"}],"wp:attachment":[{"href":"https:\/\/manatai.malo.wf\/index.php\/wp-json\/wp\/v2\/media?parent=618"}],"wp:term":[{"taxonomy":"category","embeddable":true,"href":"https:\/\/manatai.malo.wf\/index.php\/wp-json\/wp\/v2\/categories?post=618"},{"taxonomy":"post_tag","embeddable":true,"href":"https:\/\/manatai.malo.wf\/index.php\/wp-json\/wp\/v2\/tags?post=618"}],"curies":[{"name":"wp","href":"https:\/\/api.w.org\/{rel}","templated":true}]}}